{"id":3388,"date":"2026-02-03T10:27:57","date_gmt":"2026-02-03T09:27:57","guid":{"rendered":"https:\/\/www.destilerias-sinc.com\/konsolidierung-der-wertschoepfungskette\/"},"modified":"2026-03-26T10:46:20","modified_gmt":"2026-03-26T09:46:20","slug":"konsolidierung-der-wertschoepfungskette","status":"publish","type":"post","link":"https:\/\/www.destilerias-sinc.com\/de\/konsolidierung-der-wertschoepfungskette\/","title":{"rendered":"Konsolidierung der Wertsch\u00f6pfungskette"},"content":{"rendered":"<p>Das Unternehmen <strong>LICORES SINC S.A<\/strong>. hat zusammen mit TEXTIL VALOR S.L., JUAN POVEDA S.L. und COALCAFE S.L. ein Projekt abgeschlossen, das von der <strong>Valencianischen Innovationsagentur (AVI)<\/strong> im Rahmen der Aktion \u201e<strong>Konsolidierung der Wertsch\u00f6pfungskette<\/strong>\u201c unterst\u00fctzt wird. Ziel des Projekts war die <strong>Erforschung und Entwicklung des gesamten Prozesses der Verwertung verschiedener Kaffeereste und deren Einf\u00fchrung in Textilprozesse, aus denen verschiedene nachhaltige Stoffe in cremefarbenen bis braunen T\u00f6nen f\u00fcr den Futterbereich sowie die Herstellung von Schuhen und Taschen entstehen sollen.<\/strong><\/p>\n<p>Auf wissenschaftlicher Ebene hat der erfolgreiche Abschluss dieses Projekts einen Fortschritt im Bereich der nachhaltigen F\u00e4rbung und insbesondere in der Entwicklung neuer nat\u00fcrlicher Pigmente (aus Kaffeeresten) und neuer Textilverfahren erzielt, die deren qualitativ hochwertige Anwendung auf industrieller Ebene erm\u00f6glichten.<\/p>\n<p>Der erfolgreiche Abschluss dieses Projekts erforderte die Zusammenarbeit der vier beteiligten Unternehmen: C.BARSEL und L.SINC waren f\u00fcr die Erforschung der Verwertung verschiedener Kaffeereste zust\u00e4ndig. C.BARSEL entwickelte zudem ein Sammelsystem f\u00fcr Kaffeesatz. J.POVEDA und T.VALOR verarbeiteten den Kaffeesatz zu Pigmenten und Beflockungsmaterialien und brachten diese auf Textilsubstrate f\u00fcr Futterstoffe (T.VALOR) bzw. f\u00fcr Stoffe zur Schuh- und Taschenherstellung (J.POVEDA) auf. Dar\u00fcber hinaus wurde die Integration von Textilveredelungen untersucht, die mit den neuen Recyclingmaterialien kompatibel sind. Das Ergebnis sind hochwertige, funktionalisierte und nachhaltige Textilien.<\/p>\n<p>W\u00e4hrend der gesamten drei Jahre hat die UPV bei der Erforschung des Prozesses mitgewirkt, INESCOP hat bei der Validierung der Endprodukte mitgewirkt und ONDYTEC hat bei der Koordinierung des Projekts mitgewirkt.<\/p>\n<p>&nbsp;<\/p>\n<table style=\"font-weight: 400;\" data-tablestyle=\"MsoNormalTable\" data-tablelook=\"1184\" aria-rowcount=\"4\">\n<tbody>\n<tr aria-rowindex=\"1\">\n<td data-celllook=\"4369\"><span data-contrast=\"auto\">Firma:<\/span><\/td>\n<td data-celllook=\"4369\"><b><span data-contrast=\"auto\"><span data-ccp-props=\"{\">LICORES SINC S.A.<\/span><\/span><\/b><\/td>\n<\/tr>\n<tr aria-rowindex=\"2\">\n<td data-celllook=\"4369\"><span data-contrast=\"auto\">Projekttitel:<\/span><\/td>\n<td data-celllook=\"4369\">Verwertung von Lebensmittelabf\u00e4llen zur Herstellung neuer Pigmentmaterialien<\/td>\n<\/tr>\n<tr aria-rowindex=\"3\">\n<td data-celllook=\"4369\"><span data-contrast=\"auto\">Aktenzeichen:<\/span><\/td>\n<td data-celllook=\"4369\"><span data-contrast=\"auto\"><span data-ccp-props=\"{\">INNCAD\/2023\/39<\/span><\/span><\/td>\n<\/tr>\n<tr aria-rowindex=\"4\">\n<td data-celllook=\"4369\"><span data-contrast=\"auto\">Gew\u00e4hren:<\/span><\/td>\n<td data-celllook=\"4369\">158.498,00\u20ac<\/td>\n<\/tr>\n<\/tbody>\n<\/table>\n<h2>TECHNISCHES DATENBLATT ZUSAMMENFASSUNG DER VER\u00d6FFENTLICHBAREN ERGEBNISSE DES PROJEKTS<\/h2>\n<table style=\"font-weight: 400;\" data-tablestyle=\"MsoNormalTable\" data-tablelook=\"1184\" aria-rowcount=\"12\">\n<tbody>\n<tr aria-rowindex=\"1\">\n<td data-celllook=\"69905\"><b>Aktenzeichen<\/b><\/td>\n<td data-celllook=\"4369\"><span data-contrast=\"auto\">INNCAD\/2023\/39<\/span><\/td>\n<td data-celllook=\"69905\"><b><span data-contrast=\"auto\">Gesamtf\u00f6rderung<\/span><\/b><\/td>\n<td data-celllook=\"4369\"><span data-contrast=\"auto\">158.498,00 \u20ac<\/span><\/td>\n<\/tr>\n<tr aria-rowindex=\"2\">\n<td data-celllook=\"69905\"><b><span data-contrast=\"auto\">Beg\u00fcnstigte Einrichtung<\/span><\/b><\/td>\n<td colspan=\"3\" data-celllook=\"4369\"><span data-contrast=\"auto\">LICORES SINC S.A.<\/span><\/td>\n<\/tr>\n<tr aria-rowindex=\"3\">\n<td colspan=\"4\" data-celllook=\"69905\"><b><span data-contrast=\"auto\">Zusammenfassung der anf\u00e4nglichen Projektziele<\/span><\/b><i><span data-contrast=\"auto\"> (max. 150 W\u00f6rter)<\/span><\/i><\/td>\n<\/tr>\n<tr aria-rowindex=\"4\">\n<td colspan=\"4\" data-celllook=\"4369\"><span data-contrast=\"none\">Das <\/span><b><span data-contrast=\"none\">Hauptziel des Projekts war die Erforschung und Entwicklung<\/span><\/b> <span data-contrast=\"none\">eines vollst\u00e4ndigen<\/span> <b><span data-contrast=\"none\">Verfahrens zur Verwertung verschiedener Kaffeerestprodukte<\/span><\/b> <span data-contrast=\"none\">(Kaffeeschalen, gemahlene Bohnen und Kaffeesatz)<\/span> <b><span data-contrast=\"none\">und deren Integration in Textilprozesse. Dieses Verfahren lieferte diverse nachhaltige Stoffe in Creme- und Braunt\u00f6nen f\u00fcr die Bereiche Futterstoffe, Schuhe und Taschen.<\/span><\/b> <span data-contrast=\"none\">Hierf\u00fcr waren Forschungs- und Entwicklungsarbeiten sowohl zur R\u00fcckgewinnung und Umwandlung der Kaffeereste in Pigmente als auch zu den Pigmentapplikationsverfahren einschlie\u00dflich der Anwendung geeigneter Ausr\u00fcstungen erforderlich.<\/span><\/td>\n<\/tr>\n<tr aria-rowindex=\"5\">\n<td colspan=\"4\" data-celllook=\"69905\"><b><span data-contrast=\"auto\">Ergebnisse <\/span><\/b><i><span data-contrast=\"auto\">(max. 200 W\u00f6rter)<\/span><\/i><\/td>\n<\/tr>\n<tr aria-rowindex=\"6\">\n<td colspan=\"4\" data-celllook=\"4369\"><span data-contrast=\"auto\">Die erzielten Endergebnisse waren:<\/span><\/p>\n<p>&nbsp;<\/p>\n<ul>\n<li aria-setsize=\"-1\" data-leveltext=\"\uf0b7\" data-font=\"Symbol\" data-listid=\"2\" data-list-defn-props=\"{\" data-aria-posinset=\"1\" data-aria-level=\"7\"><b><span data-contrast=\"auto\">Kaffeesatz-Sammelsystem.<\/span><\/b><\/li>\n<\/ul>\n<ul>\n<li aria-setsize=\"-1\" data-leveltext=\"\uf0b7\" data-font=\"Symbol\" data-listid=\"2\" data-list-defn-props=\"{\" data-aria-posinset=\"2\" data-aria-level=\"7\"><b><span data-contrast=\"auto\">Verfahren zur Aufbereitung und Verwertung von Kaffeeresten<\/span><\/b>, <span data-contrast=\"auto\">die deren Einbindung in die textile Wertsch\u00f6pfungskette erm\u00f6glichen.<\/span><\/li>\n<\/ul>\n<ul>\n<li aria-setsize=\"-1\" data-leveltext=\"\uf0b7\" data-font=\"Symbol\" data-listid=\"2\" data-list-defn-props=\"{\" data-aria-posinset=\"3\" data-aria-level=\"7\"><b><span data-contrast=\"auto\">Verfahren zur Verwertung von Kaffeeresten, bei denen diese in recycelbare Pigmente oder flockbare Elemente (Flock)<\/span><\/b> <span data-contrast=\"auto\">umgewandelt werden, sowie sowohl die Verfahren als auch die gewonnenen Pigmente und Flocks werden als Schl\u00fcsselergebnisse des Projekts betrachtet.<\/span><\/li>\n<\/ul>\n<ul>\n<li aria-setsize=\"-1\" data-leveltext=\"\uf0b7\" data-font=\"Symbol\" data-listid=\"2\" data-list-defn-props=\"{\" data-aria-posinset=\"4\" data-aria-level=\"7\"><b><span data-contrast=\"auto\">Nachhaltige F\u00e4rbeverfahren (Folienf\u00e4rbung, Rakeldruck, Beflockung und Spr\u00fchen) unter Verwendung von recycelten Pigmenten oder recycelten Flockmaterialien.<\/span><\/b><\/li>\n<\/ul>\n<ul>\n<li aria-setsize=\"-1\" data-leveltext=\"\uf0b7\" data-font=\"Symbol\" data-listid=\"2\" data-list-defn-props=\"{\" data-aria-posinset=\"5\" data-aria-level=\"7\"><b><span data-contrast=\"auto\">Anwendungsprozesse f\u00fcr hochwertige Veredelungen im Bereich Futterstoffe und Schuhe, kompatibel mit recycelten Pigmenten\/Flocken aus Kaffeeresten. <\/span><\/b><\/li>\n<\/ul>\n<ul>\n<li aria-setsize=\"-1\" data-leveltext=\"\uf0b7\" data-font=\"Symbol\" data-listid=\"2\" data-list-defn-props=\"{\" data-aria-posinset=\"6\" data-aria-level=\"7\"><b><span data-contrast=\"auto\">Durch die Anwendung neuer Recyclingpigmente<\/span><\/b> <span data-contrast=\"auto\">mittels F\u00e4rbe- und Druckverfahren wurden nachhaltige Futterstoffe in einem cremebraunen Farbton hergestellt. <\/span><b><span data-contrast=\"auto\">Im letzten Projektjahr wurden die technischen Eigenschaften dieser Stoffe<\/span><\/b> <span data-contrast=\"auto\">(durch funktionelle Ausr\u00fcstungen)<\/span> <b><span data-contrast=\"auto\">und die Farbpalette<\/span><\/b> <span data-contrast=\"auto\">(durch Optimierung der Partikelgr\u00f6\u00dfe und der Rezepturen)<\/span> <b><span data-contrast=\"auto\">verbessert.<\/span><\/b><\/li>\n<\/ul>\n<ul>\n<li aria-setsize=\"-1\" data-leveltext=\"\uf0b7\" data-font=\"Symbol\" data-listid=\"2\" data-list-defn-props=\"{\" data-aria-posinset=\"7\" data-aria-level=\"7\"><b><span data-contrast=\"auto\">F\u00fcr nachhaltige Taschen und Schuhe wurden cremefarbene Stoffe entwickelt<\/span><\/b>, <span data-contrast=\"auto\">die mithilfe neuer Recyclingpigmente oder recycelter Flockfasern durch Spr\u00fch- oder Beflockungsverfahren hergestellt wurden.<\/span> <b><span data-contrast=\"auto\">Im letzten Projektjahr wurden diese Stoffe zudem hinsichtlich ihrer technischen Eigenschaften optimiert und die Farbpalette erweitert.<\/span><\/b><\/li>\n<\/ul>\n<\/td>\n<\/tr>\n<tr aria-rowindex=\"7\">\n<td colspan=\"4\" data-celllook=\"69905\"><b><span data-contrast=\"auto\">Wertmerkmale im Vergleich zu anderen Alternativen auf dem Markt<\/span><\/b> <i><span data-contrast=\"auto\">(max. 200 W\u00f6rter)<\/span><\/i><\/td>\n<\/tr>\n<tr aria-rowindex=\"8\">\n<td colspan=\"4\" data-celllook=\"4369\"><span data-contrast=\"auto\">Auf wissenschaftlicher Ebene hat der erfolgreiche Abschluss dieses Projekts einen bedeutenden Fortschritt im Bereich nachhaltiger F\u00e4rbung erzielt, insbesondere durch die Entwicklung neuer nat\u00fcrlicher Pigmente (aus Kaffeeresten) und neuer Textilverfahren, die deren hochwertige Anwendung im industriellen Ma\u00dfstab erm\u00f6glichen.<\/span><\/p>\n<p><span data-contrast=\"auto\">Das Projekt hatte einen gro\u00dfen<\/span> <b><span data-contrast=\"auto\">Innovationsbeitrag im Fertigungssektor<\/span><\/b> <span data-contrast=\"auto\">und f\u00fchrte zur Erforschung<\/span> <b><span data-contrast=\"auto\">neuer cremefarbener Pigmente aus der Verwertung von Kaffeeresten sowie deren Anwendungsverfahren (F\u00e4rben, Bedrucken, Spr\u00fchen und Beflocken) auf verschiedenen Textilsubstraten.<\/span><\/b> <span data-contrast=\"auto\">Diese Verfahren erm\u00f6glichten die Herstellung neuer farbiger Stoffe f\u00fcr die Bereiche Futterstoffe, Schuhe und Taschen. Dies stellt eine nachhaltige Alternative zu den derzeitigen F\u00e4rbeverfahren dar, die gr\u00f6\u00dftenteils auf synthetischen, erd\u00f6lbasierten Farbstoffen beruhen.<\/span><\/td>\n<\/tr>\n<tr aria-rowindex=\"9\">\n<td colspan=\"4\" data-celllook=\"69905\"><b><span data-contrast=\"auto\">Kommerzielles Interesse und Marktn\u00e4he<\/span> <\/b><i><span data-contrast=\"auto\">(max. 150 W\u00f6rter)<\/span><\/i><\/td>\n<\/tr>\n<tr aria-rowindex=\"10\">\n<td colspan=\"4\" data-celllook=\"4369\"><span data-contrast=\"auto\">Die mit diesem Projekt verbundene Entwicklung stellt einen bedeutenden Vorteil f\u00fcr die beteiligten Unternehmen dar und erm\u00f6glicht es ihnen, sich als Innovations- und Nachhaltigkeitsf\u00fchrer im Textilsektor der Region Valencia zu positionieren. Sie haben ihr Produkt- und Dienstleistungsangebot erweitert und dadurch ihren Jahresumsatz, insbesondere bei J.POVEDA und T.VALOR, gesteigert. Konkret hat dies direkte Auswirkungen auf mehr als 100 Lieferanten und \u00fcber 1.500 Kunden weltweit. <\/span><\/p>\n<p>&nbsp;<\/p>\n<p><span data-contrast=\"auto\">Hervorzuheben ist, dass diese Initiative auch direkte Auswirkungen auf die Unternehmen C.BARSEL und L.SINC hatte.<\/span> <span data-contrast=\"auto\">Zum einen haben diese Unternehmen eine M\u00f6glichkeit gefunden, die bei der Produktion anfallenden Kaffeereste, die zuvor einen Kostenfaktor darstellten, zu entsorgen. Zum anderen bietet C.BARSEL seinen Kunden nun ein Sammelsystem f\u00fcr Kaffeesatz und andere Abf\u00e4lle (COPs) an und verbessert so seinen Service, indem es den verschiedenen Gastronomiebetrieben, mit denen es zusammenarbeitet, die Entsorgung dieser Abfallart erleichtert. Insgesamt haben diese Ma\u00dfnahmen mehr als 500 Endkunden erreicht.<\/span><\/td>\n<\/tr>\n<tr aria-rowindex=\"11\">\n<td colspan=\"4\" data-celllook=\"69905\"><b><span data-contrast=\"auto\">Beitrag von Partnern und\/oder Vertragspartnern<\/span><\/b> <i><span data-contrast=\"auto\">(max. 150 W\u00f6rter)<\/span><\/i><\/td>\n<\/tr>\n<tr aria-rowindex=\"12\">\n<td colspan=\"4\" data-celllook=\"4369\"><span data-contrast=\"auto\">Der erfolgreiche Abschluss dieses Projekts erforderte die Zusammenarbeit der vier beteiligten Unternehmen: C.BARSEL und L.SINC waren f\u00fcr die Forschung<\/span> <span data-contrast=\"auto\">zur Verwertung verschiedener Kaffeereste zust\u00e4ndig. C.BARSEL entwickelte zudem ein System zur Sammlung von Kaffeesatz. J.POVEDA und T.VALOR verarbeiteten den Kaffeesatz zu Pigmenten und Beflockungsmaterialien und brachten diese auf Textilsubstrate f\u00fcr den Futterbereich (T.VALOR) bzw. f\u00fcr Stoffe zur Schuh- und Taschenherstellung (J.POVEDA) auf. Dar\u00fcber hinaus wurde die Integration von Textilveredelungen untersucht, die mit den neuen Recyclingmaterialien kompatibel sind. Das Ergebnis sind hochwertige, funktionalisierte und nachhaltige Textilien.<\/span><\/p>\n<p>&nbsp;<\/p>\n<p><span data-contrast=\"auto\">W\u00e4hrend der drei Jahre arbeitete die UPV an der Erforschung des Prozesses, INESCOP an der Validierung der Produkte und ONDYTEC an der Koordination des Projekts mit.<\/span><\/td>\n<\/tr>\n<\/tbody>\n<\/table>\n","protected":false},"excerpt":{"rendered":"<p>Das Unternehmen LICORES SINC S.A. hat zusammen mit TEXTIL VALOR S.L., JUAN POVEDA S.L. und COALCAFE S.L. ein Projekt abgeschlossen, das von der Valencianischen Innovationsagentur (AVI) im Rahmen der Aktion \u201eKonsolidierung der Wertsch\u00f6pfungskette\u201c unterst\u00fctzt wird. Ziel des Projekts war die Erforschung und Entwicklung des gesamten Prozesses der Verwertung verschiedener Kaffeereste und deren Einf\u00fchrung in Textilprozesse, [&hellip;]<\/p>\n","protected":false},"author":81,"featured_media":3387,"comment_status":"closed","ping_status":"closed","sticky":false,"template":"","format":"standard","meta":{"footnotes":""},"categories":[222],"tags":[],"class_list":["post-3388","post","type-post","status-publish","format-standard","has-post-thumbnail","hentry","category-nicht-kategorisiert"],"yoast_head":"<!-- This site is optimized with the Yoast SEO plugin v27.3 - https:\/\/yoast.com\/product\/yoast-seo-wordpress\/ -->\n<title>Konsolidierung der Wertsch\u00f6pfungskette 2026 - Destiler\u00edas SINC<\/title>\n<meta name=\"description\" content=\"Erfahren Sie mehr \u00fcber die Konsolidierung der Wertsch\u00f6pfungskette bei Destiler\u00edas Sinc. Effizienz, Nachhaltigkeit und Qualit\u00e4t vom Ursprung bis zum Kunden.\" \/>\n<meta name=\"robots\" content=\"index, follow, max-snippet:-1, max-image-preview:large, max-video-preview:-1\" \/>\n<link rel=\"canonical\" href=\"https:\/\/www.destilerias-sinc.com\/de\/konsolidierung-der-wertschoepfungskette\/\" \/>\n<meta property=\"og:locale\" content=\"de_DE\" \/>\n<meta property=\"og:type\" content=\"article\" \/>\n<meta property=\"og:title\" content=\"Konsolidierung der Wertsch\u00f6pfungskette 2026 - Destiler\u00edas SINC\" \/>\n<meta property=\"og:description\" content=\"Erfahren Sie mehr \u00fcber die Konsolidierung der Wertsch\u00f6pfungskette bei Destiler\u00edas Sinc. Effizienz, Nachhaltigkeit und Qualit\u00e4t vom Ursprung bis zum Kunden.\" \/>\n<meta property=\"og:url\" content=\"https:\/\/www.destilerias-sinc.com\/de\/konsolidierung-der-wertschoepfungskette\/\" \/>\n<meta property=\"og:site_name\" content=\"Destiler\u00edas SINC\" \/>\n<meta property=\"article:published_time\" content=\"2026-02-03T09:27:57+00:00\" \/>\n<meta property=\"article:modified_time\" content=\"2026-03-26T09:46:20+00:00\" \/>\n<meta property=\"og:image\" content=\"https:\/\/www.destilerias-sinc.com\/wp-content\/uploads\/Imagen-AVI-Blog.jpg\" \/>\n\t<meta property=\"og:image:width\" content=\"1920\" \/>\n\t<meta property=\"og:image:height\" content=\"1423\" \/>\n\t<meta property=\"og:image:type\" content=\"image\/jpeg\" \/>\n<meta name=\"author\" content=\"Acc Adm Lic Sinc\" \/>\n<meta name=\"twitter:card\" content=\"summary_large_image\" \/>\n<meta name=\"twitter:label1\" content=\"Verfasst von\" \/>\n\t<meta name=\"twitter:data1\" content=\"Acc Adm Lic Sinc\" \/>\n\t<meta name=\"twitter:label2\" content=\"Gesch\u00e4tzte Lesezeit\" \/>\n\t<meta name=\"twitter:data2\" content=\"5\u00a0Minuten\" \/>\n<script type=\"application\/ld+json\" class=\"yoast-schema-graph\">{\"@context\":\"https:\\\/\\\/schema.org\",\"@graph\":[{\"@type\":\"Article\",\"@id\":\"https:\\\/\\\/www.destilerias-sinc.com\\\/de\\\/konsolidierung-der-wertschoepfungskette\\\/#article\",\"isPartOf\":{\"@id\":\"https:\\\/\\\/www.destilerias-sinc.com\\\/de\\\/konsolidierung-der-wertschoepfungskette\\\/\"},\"author\":{\"name\":\"Acc Adm Lic Sinc\",\"@id\":\"https:\\\/\\\/www.destilerias-sinc.com\\\/de\\\/#\\\/schema\\\/person\\\/fcc50423099f1f1c6623e34b40edde23\"},\"headline\":\"Konsolidierung der Wertsch\u00f6pfungskette\",\"datePublished\":\"2026-02-03T09:27:57+00:00\",\"dateModified\":\"2026-03-26T09:46:20+00:00\",\"mainEntityOfPage\":{\"@id\":\"https:\\\/\\\/www.destilerias-sinc.com\\\/de\\\/konsolidierung-der-wertschoepfungskette\\\/\"},\"wordCount\":979,\"publisher\":{\"@id\":\"https:\\\/\\\/www.destilerias-sinc.com\\\/de\\\/#organization\"},\"image\":{\"@id\":\"https:\\\/\\\/www.destilerias-sinc.com\\\/de\\\/konsolidierung-der-wertschoepfungskette\\\/#primaryimage\"},\"thumbnailUrl\":\"https:\\\/\\\/www.destilerias-sinc.com\\\/wp-content\\\/uploads\\\/Imagen-AVI-Blog.jpg\",\"articleSection\":[\"Nicht kategorisiert\"],\"inLanguage\":\"de\"},{\"@type\":\"WebPage\",\"@id\":\"https:\\\/\\\/www.destilerias-sinc.com\\\/de\\\/konsolidierung-der-wertschoepfungskette\\\/\",\"url\":\"https:\\\/\\\/www.destilerias-sinc.com\\\/de\\\/konsolidierung-der-wertschoepfungskette\\\/\",\"name\":\"Konsolidierung der Wertsch\u00f6pfungskette 2026 - Destiler\u00edas SINC\",\"isPartOf\":{\"@id\":\"https:\\\/\\\/www.destilerias-sinc.com\\\/de\\\/#website\"},\"primaryImageOfPage\":{\"@id\":\"https:\\\/\\\/www.destilerias-sinc.com\\\/de\\\/konsolidierung-der-wertschoepfungskette\\\/#primaryimage\"},\"image\":{\"@id\":\"https:\\\/\\\/www.destilerias-sinc.com\\\/de\\\/konsolidierung-der-wertschoepfungskette\\\/#primaryimage\"},\"thumbnailUrl\":\"https:\\\/\\\/www.destilerias-sinc.com\\\/wp-content\\\/uploads\\\/Imagen-AVI-Blog.jpg\",\"datePublished\":\"2026-02-03T09:27:57+00:00\",\"dateModified\":\"2026-03-26T09:46:20+00:00\",\"description\":\"Erfahren Sie mehr \u00fcber die Konsolidierung der Wertsch\u00f6pfungskette bei Destiler\u00edas Sinc. Effizienz, Nachhaltigkeit und Qualit\u00e4t vom Ursprung bis zum Kunden.\",\"breadcrumb\":{\"@id\":\"https:\\\/\\\/www.destilerias-sinc.com\\\/de\\\/konsolidierung-der-wertschoepfungskette\\\/#breadcrumb\"},\"inLanguage\":\"de\",\"potentialAction\":[{\"@type\":\"ReadAction\",\"target\":[\"https:\\\/\\\/www.destilerias-sinc.com\\\/de\\\/konsolidierung-der-wertschoepfungskette\\\/\"]}]},{\"@type\":\"ImageObject\",\"inLanguage\":\"de\",\"@id\":\"https:\\\/\\\/www.destilerias-sinc.com\\\/de\\\/konsolidierung-der-wertschoepfungskette\\\/#primaryimage\",\"url\":\"https:\\\/\\\/www.destilerias-sinc.com\\\/wp-content\\\/uploads\\\/Imagen-AVI-Blog.jpg\",\"contentUrl\":\"https:\\\/\\\/www.destilerias-sinc.com\\\/wp-content\\\/uploads\\\/Imagen-AVI-Blog.jpg\",\"width\":1920,\"height\":1423,\"caption\":\"Imagen Resalitex AVI\"},{\"@type\":\"BreadcrumbList\",\"@id\":\"https:\\\/\\\/www.destilerias-sinc.com\\\/de\\\/konsolidierung-der-wertschoepfungskette\\\/#breadcrumb\",\"itemListElement\":[{\"@type\":\"ListItem\",\"position\":1,\"name\":\"Portada\",\"item\":\"https:\\\/\\\/www.destilerias-sinc.com\\\/de\\\/\"},{\"@type\":\"ListItem\",\"position\":2,\"name\":\"Konsolidierung der Wertsch\u00f6pfungskette\"}]},{\"@type\":\"WebSite\",\"@id\":\"https:\\\/\\\/www.destilerias-sinc.com\\\/de\\\/#website\",\"url\":\"https:\\\/\\\/www.destilerias-sinc.com\\\/de\\\/\",\"name\":\"Destiler\u00edas SINC\",\"description\":\"M\u00e1s que licores, construimos momentos\",\"publisher\":{\"@id\":\"https:\\\/\\\/www.destilerias-sinc.com\\\/de\\\/#organization\"},\"potentialAction\":[{\"@type\":\"SearchAction\",\"target\":{\"@type\":\"EntryPoint\",\"urlTemplate\":\"https:\\\/\\\/www.destilerias-sinc.com\\\/de\\\/?s={search_term_string}\"},\"query-input\":{\"@type\":\"PropertyValueSpecification\",\"valueRequired\":true,\"valueName\":\"search_term_string\"}}],\"inLanguage\":\"de\"},{\"@type\":\"Organization\",\"@id\":\"https:\\\/\\\/www.destilerias-sinc.com\\\/de\\\/#organization\",\"name\":\"Destiler\u00edas SINC\",\"url\":\"https:\\\/\\\/www.destilerias-sinc.com\\\/de\\\/\",\"logo\":{\"@type\":\"ImageObject\",\"inLanguage\":\"de\",\"@id\":\"https:\\\/\\\/www.destilerias-sinc.com\\\/de\\\/#\\\/schema\\\/logo\\\/image\\\/\",\"url\":\"https:\\\/\\\/www.destilerias-sinc.com\\\/wp-content\\\/uploads\\\/logo.svg\",\"contentUrl\":\"https:\\\/\\\/www.destilerias-sinc.com\\\/wp-content\\\/uploads\\\/logo.svg\",\"width\":254.85,\"height\":104.76,\"caption\":\"Destiler\u00edas SINC\"},\"image\":{\"@id\":\"https:\\\/\\\/www.destilerias-sinc.com\\\/de\\\/#\\\/schema\\\/logo\\\/image\\\/\"}},{\"@type\":\"Person\",\"@id\":\"https:\\\/\\\/www.destilerias-sinc.com\\\/de\\\/#\\\/schema\\\/person\\\/fcc50423099f1f1c6623e34b40edde23\",\"name\":\"Acc Adm Lic Sinc\",\"image\":{\"@type\":\"ImageObject\",\"inLanguage\":\"de\",\"@id\":\"https:\\\/\\\/secure.gravatar.com\\\/avatar\\\/0d0dbf19787816aacb8c1c8bf1621fbe28f946636642374187896fd65db4a9b9?s=96&d=mm&r=g\",\"url\":\"https:\\\/\\\/secure.gravatar.com\\\/avatar\\\/0d0dbf19787816aacb8c1c8bf1621fbe28f946636642374187896fd65db4a9b9?s=96&d=mm&r=g\",\"contentUrl\":\"https:\\\/\\\/secure.gravatar.com\\\/avatar\\\/0d0dbf19787816aacb8c1c8bf1621fbe28f946636642374187896fd65db4a9b9?s=96&d=mm&r=g\",\"caption\":\"Acc Adm Lic Sinc\"},\"url\":\"https:\\\/\\\/www.destilerias-sinc.com\\\/de\\\/author\\\/acc-adm-lic-sinc\\\/\"}]}<\/script>\n<!-- \/ Yoast SEO plugin. -->","yoast_head_json":{"title":"Konsolidierung der Wertsch\u00f6pfungskette 2026 - Destiler\u00edas SINC","description":"Erfahren Sie mehr \u00fcber die Konsolidierung der Wertsch\u00f6pfungskette bei Destiler\u00edas Sinc. Effizienz, Nachhaltigkeit und Qualit\u00e4t vom Ursprung bis zum Kunden.","robots":{"index":"index","follow":"follow","max-snippet":"max-snippet:-1","max-image-preview":"max-image-preview:large","max-video-preview":"max-video-preview:-1"},"canonical":"https:\/\/www.destilerias-sinc.com\/de\/konsolidierung-der-wertschoepfungskette\/","og_locale":"de_DE","og_type":"article","og_title":"Konsolidierung der Wertsch\u00f6pfungskette 2026 - Destiler\u00edas SINC","og_description":"Erfahren Sie mehr \u00fcber die Konsolidierung der Wertsch\u00f6pfungskette bei Destiler\u00edas Sinc. Effizienz, Nachhaltigkeit und Qualit\u00e4t vom Ursprung bis zum Kunden.","og_url":"https:\/\/www.destilerias-sinc.com\/de\/konsolidierung-der-wertschoepfungskette\/","og_site_name":"Destiler\u00edas SINC","article_published_time":"2026-02-03T09:27:57+00:00","article_modified_time":"2026-03-26T09:46:20+00:00","og_image":[{"width":1920,"height":1423,"url":"https:\/\/www.destilerias-sinc.com\/wp-content\/uploads\/Imagen-AVI-Blog.jpg","type":"image\/jpeg"}],"author":"Acc Adm Lic Sinc","twitter_card":"summary_large_image","twitter_misc":{"Verfasst von":"Acc Adm Lic Sinc","Gesch\u00e4tzte Lesezeit":"5\u00a0Minuten"},"schema":{"@context":"https:\/\/schema.org","@graph":[{"@type":"Article","@id":"https:\/\/www.destilerias-sinc.com\/de\/konsolidierung-der-wertschoepfungskette\/#article","isPartOf":{"@id":"https:\/\/www.destilerias-sinc.com\/de\/konsolidierung-der-wertschoepfungskette\/"},"author":{"name":"Acc Adm Lic Sinc","@id":"https:\/\/www.destilerias-sinc.com\/de\/#\/schema\/person\/fcc50423099f1f1c6623e34b40edde23"},"headline":"Konsolidierung der Wertsch\u00f6pfungskette","datePublished":"2026-02-03T09:27:57+00:00","dateModified":"2026-03-26T09:46:20+00:00","mainEntityOfPage":{"@id":"https:\/\/www.destilerias-sinc.com\/de\/konsolidierung-der-wertschoepfungskette\/"},"wordCount":979,"publisher":{"@id":"https:\/\/www.destilerias-sinc.com\/de\/#organization"},"image":{"@id":"https:\/\/www.destilerias-sinc.com\/de\/konsolidierung-der-wertschoepfungskette\/#primaryimage"},"thumbnailUrl":"https:\/\/www.destilerias-sinc.com\/wp-content\/uploads\/Imagen-AVI-Blog.jpg","articleSection":["Nicht kategorisiert"],"inLanguage":"de"},{"@type":"WebPage","@id":"https:\/\/www.destilerias-sinc.com\/de\/konsolidierung-der-wertschoepfungskette\/","url":"https:\/\/www.destilerias-sinc.com\/de\/konsolidierung-der-wertschoepfungskette\/","name":"Konsolidierung der Wertsch\u00f6pfungskette 2026 - Destiler\u00edas SINC","isPartOf":{"@id":"https:\/\/www.destilerias-sinc.com\/de\/#website"},"primaryImageOfPage":{"@id":"https:\/\/www.destilerias-sinc.com\/de\/konsolidierung-der-wertschoepfungskette\/#primaryimage"},"image":{"@id":"https:\/\/www.destilerias-sinc.com\/de\/konsolidierung-der-wertschoepfungskette\/#primaryimage"},"thumbnailUrl":"https:\/\/www.destilerias-sinc.com\/wp-content\/uploads\/Imagen-AVI-Blog.jpg","datePublished":"2026-02-03T09:27:57+00:00","dateModified":"2026-03-26T09:46:20+00:00","description":"Erfahren Sie mehr \u00fcber die Konsolidierung der Wertsch\u00f6pfungskette bei Destiler\u00edas Sinc. Effizienz, Nachhaltigkeit und Qualit\u00e4t vom Ursprung bis zum Kunden.","breadcrumb":{"@id":"https:\/\/www.destilerias-sinc.com\/de\/konsolidierung-der-wertschoepfungskette\/#breadcrumb"},"inLanguage":"de","potentialAction":[{"@type":"ReadAction","target":["https:\/\/www.destilerias-sinc.com\/de\/konsolidierung-der-wertschoepfungskette\/"]}]},{"@type":"ImageObject","inLanguage":"de","@id":"https:\/\/www.destilerias-sinc.com\/de\/konsolidierung-der-wertschoepfungskette\/#primaryimage","url":"https:\/\/www.destilerias-sinc.com\/wp-content\/uploads\/Imagen-AVI-Blog.jpg","contentUrl":"https:\/\/www.destilerias-sinc.com\/wp-content\/uploads\/Imagen-AVI-Blog.jpg","width":1920,"height":1423,"caption":"Imagen Resalitex AVI"},{"@type":"BreadcrumbList","@id":"https:\/\/www.destilerias-sinc.com\/de\/konsolidierung-der-wertschoepfungskette\/#breadcrumb","itemListElement":[{"@type":"ListItem","position":1,"name":"Portada","item":"https:\/\/www.destilerias-sinc.com\/de\/"},{"@type":"ListItem","position":2,"name":"Konsolidierung der Wertsch\u00f6pfungskette"}]},{"@type":"WebSite","@id":"https:\/\/www.destilerias-sinc.com\/de\/#website","url":"https:\/\/www.destilerias-sinc.com\/de\/","name":"Destiler\u00edas SINC","description":"M\u00e1s que licores, construimos momentos","publisher":{"@id":"https:\/\/www.destilerias-sinc.com\/de\/#organization"},"potentialAction":[{"@type":"SearchAction","target":{"@type":"EntryPoint","urlTemplate":"https:\/\/www.destilerias-sinc.com\/de\/?s={search_term_string}"},"query-input":{"@type":"PropertyValueSpecification","valueRequired":true,"valueName":"search_term_string"}}],"inLanguage":"de"},{"@type":"Organization","@id":"https:\/\/www.destilerias-sinc.com\/de\/#organization","name":"Destiler\u00edas SINC","url":"https:\/\/www.destilerias-sinc.com\/de\/","logo":{"@type":"ImageObject","inLanguage":"de","@id":"https:\/\/www.destilerias-sinc.com\/de\/#\/schema\/logo\/image\/","url":"https:\/\/www.destilerias-sinc.com\/wp-content\/uploads\/logo.svg","contentUrl":"https:\/\/www.destilerias-sinc.com\/wp-content\/uploads\/logo.svg","width":254.85,"height":104.76,"caption":"Destiler\u00edas SINC"},"image":{"@id":"https:\/\/www.destilerias-sinc.com\/de\/#\/schema\/logo\/image\/"}},{"@type":"Person","@id":"https:\/\/www.destilerias-sinc.com\/de\/#\/schema\/person\/fcc50423099f1f1c6623e34b40edde23","name":"Acc Adm Lic Sinc","image":{"@type":"ImageObject","inLanguage":"de","@id":"https:\/\/secure.gravatar.com\/avatar\/0d0dbf19787816aacb8c1c8bf1621fbe28f946636642374187896fd65db4a9b9?s=96&d=mm&r=g","url":"https:\/\/secure.gravatar.com\/avatar\/0d0dbf19787816aacb8c1c8bf1621fbe28f946636642374187896fd65db4a9b9?s=96&d=mm&r=g","contentUrl":"https:\/\/secure.gravatar.com\/avatar\/0d0dbf19787816aacb8c1c8bf1621fbe28f946636642374187896fd65db4a9b9?s=96&d=mm&r=g","caption":"Acc Adm Lic Sinc"},"url":"https:\/\/www.destilerias-sinc.com\/de\/author\/acc-adm-lic-sinc\/"}]}},"_links":{"self":[{"href":"https:\/\/www.destilerias-sinc.com\/de\/wp-json\/wp\/v2\/posts\/3388","targetHints":{"allow":["GET"]}}],"collection":[{"href":"https:\/\/www.destilerias-sinc.com\/de\/wp-json\/wp\/v2\/posts"}],"about":[{"href":"https:\/\/www.destilerias-sinc.com\/de\/wp-json\/wp\/v2\/types\/post"}],"author":[{"embeddable":true,"href":"https:\/\/www.destilerias-sinc.com\/de\/wp-json\/wp\/v2\/users\/81"}],"replies":[{"embeddable":true,"href":"https:\/\/www.destilerias-sinc.com\/de\/wp-json\/wp\/v2\/comments?post=3388"}],"version-history":[{"count":2,"href":"https:\/\/www.destilerias-sinc.com\/de\/wp-json\/wp\/v2\/posts\/3388\/revisions"}],"predecessor-version":[{"id":3548,"href":"https:\/\/www.destilerias-sinc.com\/de\/wp-json\/wp\/v2\/posts\/3388\/revisions\/3548"}],"wp:featuredmedia":[{"embeddable":true,"href":"https:\/\/www.destilerias-sinc.com\/de\/wp-json\/wp\/v2\/media\/3387"}],"wp:attachment":[{"href":"https:\/\/www.destilerias-sinc.com\/de\/wp-json\/wp\/v2\/media?parent=3388"}],"wp:term":[{"taxonomy":"category","embeddable":true,"href":"https:\/\/www.destilerias-sinc.com\/de\/wp-json\/wp\/v2\/categories?post=3388"},{"taxonomy":"post_tag","embeddable":true,"href":"https:\/\/www.destilerias-sinc.com\/de\/wp-json\/wp\/v2\/tags?post=3388"}],"curies":[{"name":"wp","href":"https:\/\/api.w.org\/{rel}","templated":true}]}}